{"id":217,"date":"2023-07-13T10:17:42","date_gmt":"2023-07-13T08:17:42","guid":{"rendered":"https:\/\/arguenon-info.org\/?p=217"},"modified":"2023-07-13T10:17:43","modified_gmt":"2023-07-13T08:17:43","slug":"le-prix-dior-de-la-photographie-et-des-arts-visuels-pour-jeunes-talents-attribue-a-une-jeune-photographe-francaise","status":"publish","type":"post","link":"https:\/\/arguenon-info.org\/index.php\/2023\/07\/13\/le-prix-dior-de-la-photographie-et-des-arts-visuels-pour-jeunes-talents-attribue-a-une-jeune-photographe-francaise\/","title":{"rendered":"Le \u201cPrix Dior de la Photographie et des Arts Visuels pour Jeunes Talents\u201d attribu\u00e9 \u00e0 une jeune photographe fran\u00e7aise."},"content":{"rendered":"\n<p>230 dossiers parvenus de 22 \u00e9coles d\u2019art du monde entier, 12 finalistes et la grande laur\u00e9ate,\u00a0<strong>Iris Millot<\/strong>, 22 ans, \u00e9tudiante de l\u2019Ecole nationale sup\u00e9rieure de la photographie de Arles.<\/p>\n\n\n\n<figure class=\"wp-block-image size-large\"><img decoding=\"async\" src=\"https:\/\/media.vogue.fr\/photos\/64aedde2edea9cf81a5dfb22\/master\/w_1600,c_limit\/IRIS%20MILLOT%20-%20CREDIT%20PHOTO%20IRIS%20MILLOT%20POUR%20CHRISTIAN%20DIOR%20PARFUMS.jpg\" alt=\"\"\/><\/figure>\n\n\n\n<div class=\"wp-block-buttons is-layout-flex wp-block-buttons-is-layout-flex\">\n<div class=\"wp-block-button\"><a class=\"wp-block-button__link wp-element-button\" href=\"https:\/\/www.vogue.fr\/article\/arles-photographe-francaise-prix-dior-de-la-photographie\" target=\"_blank\" rel=\"noreferrer noopener\">Lire l&rsquo;article<\/a><\/div>\n<\/div>\n","protected":false},"excerpt":{"rendered":"<p>230 dossiers parvenus de 22 \u00e9coles d\u2019art du monde entier, 12 finalistes et la grande laur\u00e9ate,\u00a0Iris Millot, 22 ans, \u00e9tudiante de l\u2019Ecole nationale sup\u00e9rieure de la photographie de Arles.<\/p>\n","protected":false},"author":1,"featured_media":218,"comment_status":"open","ping_status":"open","sticky":false,"template":"","format":"standard","meta":{"footnotes":""},"categories":[8],"tags":[12,9],"class_list":["post-217","post","type-post","status-publish","format-standard","has-post-thumbnail","hentry","category-photo","tag-exposition","tag-photo"],"yoast_head":"<!-- This site is optimized with the Yoast SEO plugin v27.2 - https:\/\/yoast.com\/product\/yoast-seo-wordpress\/ -->\n<title>Le \u201cPrix Dior de la Photographie et des Arts Visuels pour Jeunes Talents\u201d attribu\u00e9 \u00e0 une jeune photographe fran\u00e7aise. - Arguenon Informatique<\/title>\n<meta name=\"description\" content=\"230 dossiers parvenus de 22 \u00e9coles d\u2019art du monde entier, 12 finalistes et la grande laur\u00e9ate,\u00a0Iris Millot, 22 ans, \u00e9tudiante de l\u2019Ecole nationale sup\u00e9rieure de la photographie de Arles.\" \/>\n<meta name=\"robots\" content=\"index, follow, max-snippet:-1, max-image-preview:large, max-video-preview:-1\" \/>\n<link rel=\"canonical\" href=\"https:\/\/arguenon-info.org\/index.php\/2023\/07\/13\/le-prix-dior-de-la-photographie-et-des-arts-visuels-pour-jeunes-talents-attribue-a-une-jeune-photographe-francaise\/\" \/>\n<meta property=\"og:locale\" content=\"fr_FR\" \/>\n<meta property=\"og:type\" content=\"article\" \/>\n<meta property=\"og:title\" content=\"Le \u201cPrix Dior de la Photographie et des Arts Visuels pour Jeunes Talents\u201d attribu\u00e9 \u00e0 une jeune photographe fran\u00e7aise. - Arguenon Informatique\" \/>\n<meta property=\"og:description\" content=\"230 dossiers parvenus de 22 \u00e9coles d\u2019art du monde entier, 12 finalistes et la grande laur\u00e9ate,\u00a0Iris Millot, 22 ans, \u00e9tudiante de l\u2019Ecole nationale sup\u00e9rieure de la photographie de Arles.\" \/>\n<meta property=\"og:url\" content=\"https:\/\/arguenon-info.org\/index.php\/2023\/07\/13\/le-prix-dior-de-la-photographie-et-des-arts-visuels-pour-jeunes-talents-attribue-a-une-jeune-photographe-francaise\/\" \/>\n<meta property=\"og:site_name\" content=\"Arguenon Informatique\" \/>\n<meta property=\"article:publisher\" content=\"https:\/\/www.facebook.com\/profile.php?id=100089352846390\" \/>\n<meta property=\"article:published_time\" content=\"2023-07-13T08:17:42+00:00\" \/>\n<meta property=\"article:modified_time\" content=\"2023-07-13T08:17:43+00:00\" \/>\n<meta property=\"og:image\" content=\"https:\/\/arguenon-info.org\/wp-content\/uploads\/2023\/07\/IRIS-MILLOT-CREDIT-PHOTO-IRIS-MILLOT-POUR-CHRISTIAN-DIOR-PARFUMS-9.webp\" \/>\n\t<meta property=\"og:image:width\" content=\"1600\" \/>\n\t<meta property=\"og:image:height\" content=\"1973\" \/>\n\t<meta property=\"og:image:type\" content=\"image\/webp\" \/>\n<meta name=\"author\" content=\"arguenon\" \/>\n<meta name=\"twitter:card\" content=\"summary_large_image\" \/>\n<meta name=\"twitter:label1\" content=\"\u00c9crit par\" \/>\n\t<meta name=\"twitter:data1\" content=\"arguenon\" \/>\n\t<meta name=\"twitter:label2\" content=\"Dur\u00e9e de lecture estim\u00e9e\" \/>\n\t<meta name=\"twitter:data2\" content=\"1 minute\" \/>\n<script type=\"application\/ld+json\" class=\"yoast-schema-graph\">{\"@context\":\"https:\/\/schema.org\",\"@graph\":[{\"@type\":\"Article\",\"@id\":\"https:\/\/arguenon-info.org\/index.php\/2023\/07\/13\/le-prix-dior-de-la-photographie-et-des-arts-visuels-pour-jeunes-talents-attribue-a-une-jeune-photographe-francaise\/#article\",\"isPartOf\":{\"@id\":\"https:\/\/arguenon-info.org\/index.php\/2023\/07\/13\/le-prix-dior-de-la-photographie-et-des-arts-visuels-pour-jeunes-talents-attribue-a-une-jeune-photographe-francaise\/\"},\"author\":{\"name\":\"arguenon\",\"@id\":\"https:\/\/arguenon-info.org\/#\/schema\/person\/b64a20eb0631cf7c9e41fb7d529f0bb2\"},\"headline\":\"Le \u201cPrix Dior de la Photographie et des Arts Visuels pour Jeunes Talents\u201d attribu\u00e9 \u00e0 une jeune photographe fran\u00e7aise.\",\"datePublished\":\"2023-07-13T08:17:42+00:00\",\"dateModified\":\"2023-07-13T08:17:43+00:00\",\"mainEntityOfPage\":{\"@id\":\"https:\/\/arguenon-info.org\/index.php\/2023\/07\/13\/le-prix-dior-de-la-photographie-et-des-arts-visuels-pour-jeunes-talents-attribue-a-une-jeune-photographe-francaise\/\"},\"wordCount\":52,\"commentCount\":0,\"publisher\":{\"@id\":\"https:\/\/arguenon-info.org\/#organization\"},\"image\":{\"@id\":\"https:\/\/arguenon-info.org\/index.php\/2023\/07\/13\/le-prix-dior-de-la-photographie-et-des-arts-visuels-pour-jeunes-talents-attribue-a-une-jeune-photographe-francaise\/#primaryimage\"},\"thumbnailUrl\":\"https:\/\/arguenon-info.org\/wp-content\/uploads\/2023\/07\/IRIS-MILLOT-CREDIT-PHOTO-IRIS-MILLOT-POUR-CHRISTIAN-DIOR-PARFUMS-9.webp\",\"keywords\":[\"Exposition\",\"Photo\"],\"articleSection\":[\"PHOTO\"],\"inLanguage\":\"fr-FR\",\"potentialAction\":[{\"@type\":\"CommentAction\",\"name\":\"Comment\",\"target\":[\"https:\/\/arguenon-info.org\/index.php\/2023\/07\/13\/le-prix-dior-de-la-photographie-et-des-arts-visuels-pour-jeunes-talents-attribue-a-une-jeune-photographe-francaise\/#respond\"]}]},{\"@type\":\"WebPage\",\"@id\":\"https:\/\/arguenon-info.org\/index.php\/2023\/07\/13\/le-prix-dior-de-la-photographie-et-des-arts-visuels-pour-jeunes-talents-attribue-a-une-jeune-photographe-francaise\/\",\"url\":\"https:\/\/arguenon-info.org\/index.php\/2023\/07\/13\/le-prix-dior-de-la-photographie-et-des-arts-visuels-pour-jeunes-talents-attribue-a-une-jeune-photographe-francaise\/\",\"name\":\"Le \u201cPrix Dior de la Photographie et des Arts Visuels pour Jeunes Talents\u201d attribu\u00e9 \u00e0 une jeune photographe fran\u00e7aise. - Arguenon Informatique\",\"isPartOf\":{\"@id\":\"https:\/\/arguenon-info.org\/#website\"},\"primaryImageOfPage\":{\"@id\":\"https:\/\/arguenon-info.org\/index.php\/2023\/07\/13\/le-prix-dior-de-la-photographie-et-des-arts-visuels-pour-jeunes-talents-attribue-a-une-jeune-photographe-francaise\/#primaryimage\"},\"image\":{\"@id\":\"https:\/\/arguenon-info.org\/index.php\/2023\/07\/13\/le-prix-dior-de-la-photographie-et-des-arts-visuels-pour-jeunes-talents-attribue-a-une-jeune-photographe-francaise\/#primaryimage\"},\"thumbnailUrl\":\"https:\/\/arguenon-info.org\/wp-content\/uploads\/2023\/07\/IRIS-MILLOT-CREDIT-PHOTO-IRIS-MILLOT-POUR-CHRISTIAN-DIOR-PARFUMS-9.webp\",\"datePublished\":\"2023-07-13T08:17:42+00:00\",\"dateModified\":\"2023-07-13T08:17:43+00:00\",\"description\":\"230 dossiers parvenus de 22 \u00e9coles d\u2019art du monde entier, 12 finalistes et la grande laur\u00e9ate,\u00a0Iris Millot, 22 ans, \u00e9tudiante de l\u2019Ecole nationale sup\u00e9rieure de la photographie de Arles.\",\"breadcrumb\":{\"@id\":\"https:\/\/arguenon-info.org\/index.php\/2023\/07\/13\/le-prix-dior-de-la-photographie-et-des-arts-visuels-pour-jeunes-talents-attribue-a-une-jeune-photographe-francaise\/#breadcrumb\"},\"inLanguage\":\"fr-FR\",\"potentialAction\":[{\"@type\":\"ReadAction\",\"target\":[\"https:\/\/arguenon-info.org\/index.php\/2023\/07\/13\/le-prix-dior-de-la-photographie-et-des-arts-visuels-pour-jeunes-talents-attribue-a-une-jeune-photographe-francaise\/\"]}]},{\"@type\":\"ImageObject\",\"inLanguage\":\"fr-FR\",\"@id\":\"https:\/\/arguenon-info.org\/index.php\/2023\/07\/13\/le-prix-dior-de-la-photographie-et-des-arts-visuels-pour-jeunes-talents-attribue-a-une-jeune-photographe-francaise\/#primaryimage\",\"url\":\"https:\/\/arguenon-info.org\/wp-content\/uploads\/2023\/07\/IRIS-MILLOT-CREDIT-PHOTO-IRIS-MILLOT-POUR-CHRISTIAN-DIOR-PARFUMS-9.webp\",\"contentUrl\":\"https:\/\/arguenon-info.org\/wp-content\/uploads\/2023\/07\/IRIS-MILLOT-CREDIT-PHOTO-IRIS-MILLOT-POUR-CHRISTIAN-DIOR-PARFUMS-9.webp\",\"width\":1600,\"height\":1973},{\"@type\":\"BreadcrumbList\",\"@id\":\"https:\/\/arguenon-info.org\/index.php\/2023\/07\/13\/le-prix-dior-de-la-photographie-et-des-arts-visuels-pour-jeunes-talents-attribue-a-une-jeune-photographe-francaise\/#breadcrumb\",\"itemListElement\":[{\"@type\":\"ListItem\",\"position\":1,\"name\":\"Accueil\",\"item\":\"https:\/\/arguenon-info.org\/\"},{\"@type\":\"ListItem\",\"position\":2,\"name\":\"Le \u201cPrix Dior de la Photographie et des Arts Visuels pour Jeunes Talents\u201d attribu\u00e9 \u00e0 une jeune photographe fran\u00e7aise.\"}]},{\"@type\":\"WebSite\",\"@id\":\"https:\/\/arguenon-info.org\/#website\",\"url\":\"https:\/\/arguenon-info.org\/\",\"name\":\"Arguenon Informatique\",\"description\":\"Corseul &amp; Crehen (22)\",\"publisher\":{\"@id\":\"https:\/\/arguenon-info.org\/#organization\"},\"potentialAction\":[{\"@type\":\"SearchAction\",\"target\":{\"@type\":\"EntryPoint\",\"urlTemplate\":\"https:\/\/arguenon-info.org\/?s={search_term_string}\"},\"query-input\":{\"@type\":\"PropertyValueSpecification\",\"valueRequired\":true,\"valueName\":\"search_term_string\"}}],\"inLanguage\":\"fr-FR\"},{\"@type\":\"Organization\",\"@id\":\"https:\/\/arguenon-info.org\/#organization\",\"name\":\"Arguenon Informatiqu\",\"url\":\"https:\/\/arguenon-info.org\/\",\"logo\":{\"@type\":\"ImageObject\",\"inLanguage\":\"fr-FR\",\"@id\":\"https:\/\/arguenon-info.org\/#\/schema\/logo\/image\/\",\"url\":\"https:\/\/arguenon-info.org\/wp-content\/uploads\/2024\/11\/cropped-newlogoAI150.jpg\",\"contentUrl\":\"https:\/\/arguenon-info.org\/wp-content\/uploads\/2024\/11\/cropped-newlogoAI150.jpg\",\"width\":374,\"height\":150,\"caption\":\"Arguenon Informatiqu\"},\"image\":{\"@id\":\"https:\/\/arguenon-info.org\/#\/schema\/logo\/image\/\"},\"sameAs\":[\"https:\/\/www.facebook.com\/profile.php?id=100089352846390\"]},{\"@type\":\"Person\",\"@id\":\"https:\/\/arguenon-info.org\/#\/schema\/person\/b64a20eb0631cf7c9e41fb7d529f0bb2\",\"name\":\"arguenon\",\"image\":{\"@type\":\"ImageObject\",\"inLanguage\":\"fr-FR\",\"@id\":\"https:\/\/secure.gravatar.com\/avatar\/69fcec4d1819e9c49d2187e1d299bd3abae08087b4c004a9ff9f9e961647a20f?s=96&d=mm&r=g\",\"url\":\"https:\/\/secure.gravatar.com\/avatar\/69fcec4d1819e9c49d2187e1d299bd3abae08087b4c004a9ff9f9e961647a20f?s=96&d=mm&r=g\",\"contentUrl\":\"https:\/\/secure.gravatar.com\/avatar\/69fcec4d1819e9c49d2187e1d299bd3abae08087b4c004a9ff9f9e961647a20f?s=96&d=mm&r=g\",\"caption\":\"arguenon\"},\"sameAs\":[\"https:\/\/arguenon-info.org\"],\"url\":\"https:\/\/arguenon-info.org\/index.php\/author\/arguenon\/\"}]}<\/script>\n<!-- \/ Yoast SEO plugin. -->","yoast_head_json":{"title":"Le \u201cPrix Dior de la Photographie et des Arts Visuels pour Jeunes Talents\u201d attribu\u00e9 \u00e0 une jeune photographe fran\u00e7aise. - Arguenon Informatique","description":"230 dossiers parvenus de 22 \u00e9coles d\u2019art du monde entier, 12 finalistes et la grande laur\u00e9ate,\u00a0Iris Millot, 22 ans, \u00e9tudiante de l\u2019Ecole nationale sup\u00e9rieure de la photographie de Arles.","robots":{"index":"index","follow":"follow","max-snippet":"max-snippet:-1","max-image-preview":"max-image-preview:large","max-video-preview":"max-video-preview:-1"},"canonical":"https:\/\/arguenon-info.org\/index.php\/2023\/07\/13\/le-prix-dior-de-la-photographie-et-des-arts-visuels-pour-jeunes-talents-attribue-a-une-jeune-photographe-francaise\/","og_locale":"fr_FR","og_type":"article","og_title":"Le \u201cPrix Dior de la Photographie et des Arts Visuels pour Jeunes Talents\u201d attribu\u00e9 \u00e0 une jeune photographe fran\u00e7aise. - Arguenon Informatique","og_description":"230 dossiers parvenus de 22 \u00e9coles d\u2019art du monde entier, 12 finalistes et la grande laur\u00e9ate,\u00a0Iris Millot, 22 ans, \u00e9tudiante de l\u2019Ecole nationale sup\u00e9rieure de la photographie de Arles.","og_url":"https:\/\/arguenon-info.org\/index.php\/2023\/07\/13\/le-prix-dior-de-la-photographie-et-des-arts-visuels-pour-jeunes-talents-attribue-a-une-jeune-photographe-francaise\/","og_site_name":"Arguenon Informatique","article_publisher":"https:\/\/www.facebook.com\/profile.php?id=100089352846390","article_published_time":"2023-07-13T08:17:42+00:00","article_modified_time":"2023-07-13T08:17:43+00:00","og_image":[{"width":1600,"height":1973,"url":"https:\/\/arguenon-info.org\/wp-content\/uploads\/2023\/07\/IRIS-MILLOT-CREDIT-PHOTO-IRIS-MILLOT-POUR-CHRISTIAN-DIOR-PARFUMS-9.webp","type":"image\/webp"}],"author":"arguenon","twitter_card":"summary_large_image","twitter_misc":{"\u00c9crit par":"arguenon","Dur\u00e9e de lecture estim\u00e9e":"1 minute"},"schema":{"@context":"https:\/\/schema.org","@graph":[{"@type":"Article","@id":"https:\/\/arguenon-info.org\/index.php\/2023\/07\/13\/le-prix-dior-de-la-photographie-et-des-arts-visuels-pour-jeunes-talents-attribue-a-une-jeune-photographe-francaise\/#article","isPartOf":{"@id":"https:\/\/arguenon-info.org\/index.php\/2023\/07\/13\/le-prix-dior-de-la-photographie-et-des-arts-visuels-pour-jeunes-talents-attribue-a-une-jeune-photographe-francaise\/"},"author":{"name":"arguenon","@id":"https:\/\/arguenon-info.org\/#\/schema\/person\/b64a20eb0631cf7c9e41fb7d529f0bb2"},"headline":"Le \u201cPrix Dior de la Photographie et des Arts Visuels pour Jeunes Talents\u201d attribu\u00e9 \u00e0 une jeune photographe fran\u00e7aise.","datePublished":"2023-07-13T08:17:42+00:00","dateModified":"2023-07-13T08:17:43+00:00","mainEntityOfPage":{"@id":"https:\/\/arguenon-info.org\/index.php\/2023\/07\/13\/le-prix-dior-de-la-photographie-et-des-arts-visuels-pour-jeunes-talents-attribue-a-une-jeune-photographe-francaise\/"},"wordCount":52,"commentCount":0,"publisher":{"@id":"https:\/\/arguenon-info.org\/#organization"},"image":{"@id":"https:\/\/arguenon-info.org\/index.php\/2023\/07\/13\/le-prix-dior-de-la-photographie-et-des-arts-visuels-pour-jeunes-talents-attribue-a-une-jeune-photographe-francaise\/#primaryimage"},"thumbnailUrl":"https:\/\/arguenon-info.org\/wp-content\/uploads\/2023\/07\/IRIS-MILLOT-CREDIT-PHOTO-IRIS-MILLOT-POUR-CHRISTIAN-DIOR-PARFUMS-9.webp","keywords":["Exposition","Photo"],"articleSection":["PHOTO"],"inLanguage":"fr-FR","potentialAction":[{"@type":"CommentAction","name":"Comment","target":["https:\/\/arguenon-info.org\/index.php\/2023\/07\/13\/le-prix-dior-de-la-photographie-et-des-arts-visuels-pour-jeunes-talents-attribue-a-une-jeune-photographe-francaise\/#respond"]}]},{"@type":"WebPage","@id":"https:\/\/arguenon-info.org\/index.php\/2023\/07\/13\/le-prix-dior-de-la-photographie-et-des-arts-visuels-pour-jeunes-talents-attribue-a-une-jeune-photographe-francaise\/","url":"https:\/\/arguenon-info.org\/index.php\/2023\/07\/13\/le-prix-dior-de-la-photographie-et-des-arts-visuels-pour-jeunes-talents-attribue-a-une-jeune-photographe-francaise\/","name":"Le \u201cPrix Dior de la Photographie et des Arts Visuels pour Jeunes Talents\u201d attribu\u00e9 \u00e0 une jeune photographe fran\u00e7aise. - Arguenon Informatique","isPartOf":{"@id":"https:\/\/arguenon-info.org\/#website"},"primaryImageOfPage":{"@id":"https:\/\/arguenon-info.org\/index.php\/2023\/07\/13\/le-prix-dior-de-la-photographie-et-des-arts-visuels-pour-jeunes-talents-attribue-a-une-jeune-photographe-francaise\/#primaryimage"},"image":{"@id":"https:\/\/arguenon-info.org\/index.php\/2023\/07\/13\/le-prix-dior-de-la-photographie-et-des-arts-visuels-pour-jeunes-talents-attribue-a-une-jeune-photographe-francaise\/#primaryimage"},"thumbnailUrl":"https:\/\/arguenon-info.org\/wp-content\/uploads\/2023\/07\/IRIS-MILLOT-CREDIT-PHOTO-IRIS-MILLOT-POUR-CHRISTIAN-DIOR-PARFUMS-9.webp","datePublished":"2023-07-13T08:17:42+00:00","dateModified":"2023-07-13T08:17:43+00:00","description":"230 dossiers parvenus de 22 \u00e9coles d\u2019art du monde entier, 12 finalistes et la grande laur\u00e9ate,\u00a0Iris Millot, 22 ans, \u00e9tudiante de l\u2019Ecole nationale sup\u00e9rieure de la photographie de Arles.","breadcrumb":{"@id":"https:\/\/arguenon-info.org\/index.php\/2023\/07\/13\/le-prix-dior-de-la-photographie-et-des-arts-visuels-pour-jeunes-talents-attribue-a-une-jeune-photographe-francaise\/#breadcrumb"},"inLanguage":"fr-FR","potentialAction":[{"@type":"ReadAction","target":["https:\/\/arguenon-info.org\/index.php\/2023\/07\/13\/le-prix-dior-de-la-photographie-et-des-arts-visuels-pour-jeunes-talents-attribue-a-une-jeune-photographe-francaise\/"]}]},{"@type":"ImageObject","inLanguage":"fr-FR","@id":"https:\/\/arguenon-info.org\/index.php\/2023\/07\/13\/le-prix-dior-de-la-photographie-et-des-arts-visuels-pour-jeunes-talents-attribue-a-une-jeune-photographe-francaise\/#primaryimage","url":"https:\/\/arguenon-info.org\/wp-content\/uploads\/2023\/07\/IRIS-MILLOT-CREDIT-PHOTO-IRIS-MILLOT-POUR-CHRISTIAN-DIOR-PARFUMS-9.webp","contentUrl":"https:\/\/arguenon-info.org\/wp-content\/uploads\/2023\/07\/IRIS-MILLOT-CREDIT-PHOTO-IRIS-MILLOT-POUR-CHRISTIAN-DIOR-PARFUMS-9.webp","width":1600,"height":1973},{"@type":"BreadcrumbList","@id":"https:\/\/arguenon-info.org\/index.php\/2023\/07\/13\/le-prix-dior-de-la-photographie-et-des-arts-visuels-pour-jeunes-talents-attribue-a-une-jeune-photographe-francaise\/#breadcrumb","itemListElement":[{"@type":"ListItem","position":1,"name":"Accueil","item":"https:\/\/arguenon-info.org\/"},{"@type":"ListItem","position":2,"name":"Le \u201cPrix Dior de la Photographie et des Arts Visuels pour Jeunes Talents\u201d attribu\u00e9 \u00e0 une jeune photographe fran\u00e7aise."}]},{"@type":"WebSite","@id":"https:\/\/arguenon-info.org\/#website","url":"https:\/\/arguenon-info.org\/","name":"Arguenon Informatique","description":"Corseul &amp; Crehen (22)","publisher":{"@id":"https:\/\/arguenon-info.org\/#organization"},"potentialAction":[{"@type":"SearchAction","target":{"@type":"EntryPoint","urlTemplate":"https:\/\/arguenon-info.org\/?s={search_term_string}"},"query-input":{"@type":"PropertyValueSpecification","valueRequired":true,"valueName":"search_term_string"}}],"inLanguage":"fr-FR"},{"@type":"Organization","@id":"https:\/\/arguenon-info.org\/#organization","name":"Arguenon Informatiqu","url":"https:\/\/arguenon-info.org\/","logo":{"@type":"ImageObject","inLanguage":"fr-FR","@id":"https:\/\/arguenon-info.org\/#\/schema\/logo\/image\/","url":"https:\/\/arguenon-info.org\/wp-content\/uploads\/2024\/11\/cropped-newlogoAI150.jpg","contentUrl":"https:\/\/arguenon-info.org\/wp-content\/uploads\/2024\/11\/cropped-newlogoAI150.jpg","width":374,"height":150,"caption":"Arguenon Informatiqu"},"image":{"@id":"https:\/\/arguenon-info.org\/#\/schema\/logo\/image\/"},"sameAs":["https:\/\/www.facebook.com\/profile.php?id=100089352846390"]},{"@type":"Person","@id":"https:\/\/arguenon-info.org\/#\/schema\/person\/b64a20eb0631cf7c9e41fb7d529f0bb2","name":"arguenon","image":{"@type":"ImageObject","inLanguage":"fr-FR","@id":"https:\/\/secure.gravatar.com\/avatar\/69fcec4d1819e9c49d2187e1d299bd3abae08087b4c004a9ff9f9e961647a20f?s=96&d=mm&r=g","url":"https:\/\/secure.gravatar.com\/avatar\/69fcec4d1819e9c49d2187e1d299bd3abae08087b4c004a9ff9f9e961647a20f?s=96&d=mm&r=g","contentUrl":"https:\/\/secure.gravatar.com\/avatar\/69fcec4d1819e9c49d2187e1d299bd3abae08087b4c004a9ff9f9e961647a20f?s=96&d=mm&r=g","caption":"arguenon"},"sameAs":["https:\/\/arguenon-info.org"],"url":"https:\/\/arguenon-info.org\/index.php\/author\/arguenon\/"}]}},"_links":{"self":[{"href":"https:\/\/arguenon-info.org\/index.php\/wp-json\/wp\/v2\/posts\/217","targetHints":{"allow":["GET"]}}],"collection":[{"href":"https:\/\/arguenon-info.org\/index.php\/wp-json\/wp\/v2\/posts"}],"about":[{"href":"https:\/\/arguenon-info.org\/index.php\/wp-json\/wp\/v2\/types\/post"}],"author":[{"embeddable":true,"href":"https:\/\/arguenon-info.org\/index.php\/wp-json\/wp\/v2\/users\/1"}],"replies":[{"embeddable":true,"href":"https:\/\/arguenon-info.org\/index.php\/wp-json\/wp\/v2\/comments?post=217"}],"version-history":[{"count":1,"href":"https:\/\/arguenon-info.org\/index.php\/wp-json\/wp\/v2\/posts\/217\/revisions"}],"predecessor-version":[{"id":219,"href":"https:\/\/arguenon-info.org\/index.php\/wp-json\/wp\/v2\/posts\/217\/revisions\/219"}],"wp:featuredmedia":[{"embeddable":true,"href":"https:\/\/arguenon-info.org\/index.php\/wp-json\/wp\/v2\/media\/218"}],"wp:attachment":[{"href":"https:\/\/arguenon-info.org\/index.php\/wp-json\/wp\/v2\/media?parent=217"}],"wp:term":[{"taxonomy":"category","embeddable":true,"href":"https:\/\/arguenon-info.org\/index.php\/wp-json\/wp\/v2\/categories?post=217"},{"taxonomy":"post_tag","embeddable":true,"href":"https:\/\/arguenon-info.org\/index.php\/wp-json\/wp\/v2\/tags?post=217"}],"curies":[{"name":"wp","href":"https:\/\/api.w.org\/{rel}","templated":true}]}}